{"id":2627,"date":"2026-04-28T09:46:15","date_gmt":"2026-04-28T09:46:15","guid":{"rendered":"https:\/\/mdn.gov.mz\/?p=2627"},"modified":"2026-04-30T12:57:00","modified_gmt":"2026-04-30T12:57:00","slug":"defesa-e-onu-debatem-integracao-dos-direitos-humanos-nas-forcas-armadas","status":"publish","type":"post","link":"https:\/\/mdn.gov.mz\/index.php\/2026\/04\/28\/defesa-e-onu-debatem-integracao-dos-direitos-humanos-nas-forcas-armadas\/","title":{"rendered":"Defesa e ONU debatem integra\u00e7\u00e3o dos Direitos Humanos nas For\u00e7as Armadas"},"content":{"rendered":"\n<p>O Instituto Superior de Estudos de Defesa \u201cTenente-General Armando Em\u00edlio Guebuza\u201d (ISEDEF) acolhe, entre 27 e 28 de abril de 2026 na prov\u00edncia de Maputo, a 1\u00aa Confer\u00eancia sobre Direitos Humanos e For\u00e7as Armadas de Defesa de Mo\u00e7ambique (FADM). A iniciativa resulta de esfor\u00e7os conjuntos entre o Sector de Defesa e o Alto Comissariado das Na\u00e7\u00f5es Unidas para os Direitos Humanos, visando refor\u00e7ar a integra\u00e7\u00e3o dos direitos humanos nas fun\u00e7\u00f5es das FADM.<\/p>\n\n\n\n<p>O encontro pretende ser um f\u00f3rum de reflex\u00e3o t\u00e9cnico-estrat\u00e9gica sobre os desafios e progressos nesta mat\u00e9ria, contribuindo para alinhar a actua\u00e7\u00e3o das For\u00e7as Armadas de Defesa de Mo\u00e7ambique com os padr\u00f5es internacionais de direitos humanos.<\/p>\n\n\n\n<p>Na abertura oficial, o Secret\u00e1rio Permanente do Minist\u00e9rio da Defesa Nacional, Casimiro Mueio, sublinhou que \u201cmais do que uma obriga\u00e7\u00e3o normativa, o respeito pelos direitos humanos constitui um pilar essencial para a legitimidade, disciplina e efic\u00e1cia das institui\u00e7\u00f5es militares\u201d.<\/p>\n\n\n\n<p>Mueio acrescentou que a confer\u00eancia \u00e9 um espa\u00e7o oportuno para reflex\u00e3o, partilha de experi\u00eancias e aprofundamento da discuss\u00e3o sobre a centralidade dos direitos humanos no contexto da defesa e seguran\u00e7a.<\/p>\n\n\n\n<p>Por sua vez, a Coordenadora Residente do Sistema das Na\u00e7\u00f5es Unidas, Catherine Sozi, reafirmou o compromisso da ONU em cooperar com as institui\u00e7\u00f5es de defesa e seguran\u00e7a mo\u00e7ambicanas. Sozi destacou que a parceria j\u00e1 permitiu desenvolver programas conjuntos, incluindo forma\u00e7\u00f5es cont\u00ednuas e de pr\u00e9-destacamento para as FADM em Maputo e Cabo Delgado, a cria\u00e7\u00e3o de um grupo de formadores em direitos humanos das FADM e a integra\u00e7\u00e3o dos direitos humanos no plano curricular da Academia Militar Marechal Samora Machel, em 2025.<\/p>\n\n\n\n<p>Subordinada ao lema \u201cGarantir a Conformidade e Proteger os Direitos Humanos atrav\u00e9s de Parcerias Estrat\u00e9gicas\u201d, a confer\u00eancia re\u00fane docentes do ensino superior, investigadores, acad\u00e9micos, membros das FADM e representantes de institui\u00e7\u00f5es p\u00fablicas e privadas.<\/p>\n\n\n\n<figure class=\"wp-block-gallery has-nested-images columns-default is-cropped wp-block-gallery-1 is-layout-flex wp-block-gallery-is-layout-flex\">\n<figure class=\"wp-block-image size-large\"><img fetchpriority=\"high\" decoding=\"async\" width=\"1024\" height=\"591\" data-id=\"2630\" src=\"https:\/\/mdn.gov.mz\/wp-content\/uploads\/2026\/04\/foto-1024x591.jpg\" alt=\"\" class=\"wp-image-2630\" srcset=\"https:\/\/mdn.gov.mz\/wp-content\/uploads\/2026\/04\/foto-1024x591.jpg 1024w, https:\/\/mdn.gov.mz\/wp-content\/uploads\/2026\/04\/foto-300x173.jpg 300w, https:\/\/mdn.gov.mz\/wp-content\/uploads\/2026\/04\/foto-768x443.jpg 768w, https:\/\/mdn.gov.mz\/wp-content\/uploads\/2026\/04\/foto-1536x887.jpg 1536w, https:\/\/mdn.gov.mz\/wp-content\/uploads\/2026\/04\/foto-260x150.jpg 260w, https:\/\/mdn.gov.mz\/wp-content\/uploads\/2026\/04\/foto.jpg 2048w\" sizes=\"(max-width: 1024px) 100vw, 1024px\" \/><\/figure>\n\n\n\n<figure class=\"wp-block-image size-large\"><img decoding=\"async\" data-id=\"2628\" src=\"https:\/\/mdn.gov.mz\/wp-content\/uploads\/2026\/04\/Adestacar_n-1024x659.jpg\" alt=\"\" class=\"wp-image-2628\"\/><\/figure>\n<\/figure>\n\n\n\n<p><\/p>\n","protected":false},"excerpt":{"rendered":"<p>O Instituto Superior de Estudos de Defesa \u201cTenente-General Armando Em\u00edlio Guebuza\u201d (ISEDEF) acolhe, entre 27 e 28 de abril de 2026 na prov\u00edncia de Maputo, a 1\u00aa Confer\u00eancia sobre Direitos [&hellip;]<\/p>\n","protected":false},"author":1,"featured_media":2629,"comment_status":"open","ping_status":"open","sticky":false,"template":"","format":"standard","meta":{"footnotes":""},"categories":[12],"tags":[],"class_list":["post-2627","post","type-post","status-publish","format-standard","has-post-thumbnail","hentry","category-noticias"],"_links":{"self":[{"href":"https:\/\/mdn.gov.mz\/index.php\/wp-json\/wp\/v2\/posts\/2627","targetHints":{"allow":["GET"]}}],"collection":[{"href":"https:\/\/mdn.gov.mz\/index.php\/wp-json\/wp\/v2\/posts"}],"about":[{"href":"https:\/\/mdn.gov.mz\/index.php\/wp-json\/wp\/v2\/types\/post"}],"author":[{"embeddable":true,"href":"https:\/\/mdn.gov.mz\/index.php\/wp-json\/wp\/v2\/users\/1"}],"replies":[{"embeddable":true,"href":"https:\/\/mdn.gov.mz\/index.php\/wp-json\/wp\/v2\/comments?post=2627"}],"version-history":[{"count":1,"href":"https:\/\/mdn.gov.mz\/index.php\/wp-json\/wp\/v2\/posts\/2627\/revisions"}],"predecessor-version":[{"id":2631,"href":"https:\/\/mdn.gov.mz\/index.php\/wp-json\/wp\/v2\/posts\/2627\/revisions\/2631"}],"wp:featuredmedia":[{"embeddable":true,"href":"https:\/\/mdn.gov.mz\/index.php\/wp-json\/wp\/v2\/media\/2629"}],"wp:attachment":[{"href":"https:\/\/mdn.gov.mz\/index.php\/wp-json\/wp\/v2\/media?parent=2627"}],"wp:term":[{"taxonomy":"category","embeddable":true,"href":"https:\/\/mdn.gov.mz\/index.php\/wp-json\/wp\/v2\/categories?post=2627"},{"taxonomy":"post_tag","embeddable":true,"href":"https:\/\/mdn.gov.mz\/index.php\/wp-json\/wp\/v2\/tags?post=2627"}],"curies":[{"name":"wp","href":"https:\/\/api.w.org\/{rel}","templated":true}]}}