{"id":2207,"date":"2025-12-06T10:53:19","date_gmt":"2025-12-06T10:53:19","guid":{"rendered":"https:\/\/mdn.gov.mz\/?p=2207"},"modified":"2026-02-02T10:54:28","modified_gmt":"2026-02-02T10:54:28","slug":"pr-exorta-o-sector-de-defesa-a-intensificar-combate-ao-terrorismo","status":"publish","type":"post","link":"https:\/\/mdn.gov.mz\/index.php\/2025\/12\/06\/pr-exorta-o-sector-de-defesa-a-intensificar-combate-ao-terrorismo\/","title":{"rendered":"PR exorta o Sector de Defesa a intensificar combate ao terrorismo"},"content":{"rendered":"\n<p>O Presidente da Rep\u00fablica e Comandante-Chefe das For\u00e7as de Defesa e Seguran\u00e7a, Daniel Francisco Chapo, afirmou, esta sexta-feira, 05 de Dezembro de 2025, em Maputo, que o combate ao terrorismo deve continuar a ser prioridade absoluta do Sector de Defesa, por constituir condi\u00e7\u00e3o indispens\u00e1vel para a estabilidade pol\u00edtica, a salvaguarda da soberania e o desenvolvimento econ\u00f3mico do pa\u00eds.<\/p>\n\n\n\n<div class=\"wp-block-media-text is-stacked-on-mobile\" style=\"grid-template-columns:48% auto\"><figure class=\"wp-block-media-text__media\"><img fetchpriority=\"high\" decoding=\"async\" width=\"2048\" height=\"1366\" src=\"https:\/\/mdn.gov.mz\/wp-content\/uploads\/2026\/02\/594290968_861551576559753_8383229520982384282_n.jpg\" alt=\"\" class=\"wp-image-2209 size-full\"\/><\/figure><div class=\"wp-block-media-text__content\">\n<p>Falando na abertura do XXVI Conselho Coordenador do Minist\u00e9rio da Defesa Nacional, o Chefe do Estado sublinhou que a seguran\u00e7a \u00e9 a retaguarda segura para a consolida\u00e7\u00e3o da paz e para a implanta\u00e7\u00e3o dos alicerces da independ\u00eancia econ\u00f3mica nacional, defendendo uma actua\u00e7\u00e3o mais firme, coordenada e orientada para resultados concretos no Sector de Defesa.<\/p>\n\n\n\n<p>Na ocasi\u00e3o, saudou a coragem e o sacrif\u00edcio das For\u00e7as de Defesa e Seguran\u00e7a, com destaque para os efectivos empenhados nos distritos afectados pelo terrorismo na prov\u00edncia de Cabo Delgado e Nampula, reconhecendo o papel das For\u00e7as Armadas de Defesa de Mo\u00e7ambique (FADM) como garante da integridade territorial e da unidade nacional.<\/p>\n<\/div><\/div>\n\n\n\n<p>O Presidente da Rep\u00fablica orientou os quadros da Defesa para adoptarem solu\u00e7\u00f5es estrat\u00e9gicas que assegurem a pacifica\u00e7\u00e3o plena das \u00e1reas afectadas, o refor\u00e7o da capacidade de combate ao terrorismo, a moderniza\u00e7\u00e3o tecnol\u00f3gica das FADM e a intensifica\u00e7\u00e3o da coopera\u00e7\u00e3o com parceiros regionais e internacionais.<\/p>\n\n\n\n<div class=\"wp-block-media-text is-stacked-on-mobile\" style=\"grid-template-columns:28% auto\"><figure class=\"wp-block-media-text__media\"><img decoding=\"async\" width=\"2048\" height=\"1366\" src=\"https:\/\/mdn.gov.mz\/wp-content\/uploads\/2026\/02\/595154320_861551783226399_5640311210699509353_n.jpg\" alt=\"\" class=\"wp-image-2210 size-full\"\/><\/figure><div class=\"wp-block-media-text__content\">\n<p>Daniel Chapo defendeu, igualmente, o refor\u00e7o da forma\u00e7\u00e3o especializada do efectivo, com enfoque em intelig\u00eancia, ciberdefesa e opera\u00e7\u00f5es especiais, bem como a melhoria da log\u00edstica militar, o desenvolvimento da base industrial de defesa e a consolida\u00e7\u00e3o da articula\u00e7\u00e3o entre Defesa, Interior e Servi\u00e7os de Informa\u00e7\u00f5es.<\/p>\n<\/div><\/div>\n\n\n\n<p>No final, o Chefe do Estado apelou o refor\u00e7o na disciplina institucional, \u00e0 correc\u00e7\u00e3o das disfun\u00e7\u00f5es internas e \u00e0 moraliza\u00e7\u00e3o do sector, sublinhando que as decis\u00f5es sa\u00eddas deste Conselho ser\u00e3o determinantes para o futuro da seguran\u00e7a nacional.<\/p>\n","protected":false},"excerpt":{"rendered":"<p>O Presidente da Rep\u00fablica e Comandante-Chefe das For\u00e7as de Defesa e Seguran\u00e7a, Daniel Francisco Chapo, afirmou, esta sexta-feira, 05 de Dezembro de 2025, em Maputo, que o combate ao terrorismo [&hellip;]<\/p>\n","protected":false},"author":1,"featured_media":2208,"comment_status":"open","ping_status":"open","sticky":false,"template":"","format":"standard","meta":{"footnotes":""},"categories":[12],"tags":[],"class_list":["post-2207","post","type-post","status-publish","format-standard","has-post-thumbnail","hentry","category-noticias"],"_links":{"self":[{"href":"https:\/\/mdn.gov.mz\/index.php\/wp-json\/wp\/v2\/posts\/2207","targetHints":{"allow":["GET"]}}],"collection":[{"href":"https:\/\/mdn.gov.mz\/index.php\/wp-json\/wp\/v2\/posts"}],"about":[{"href":"https:\/\/mdn.gov.mz\/index.php\/wp-json\/wp\/v2\/types\/post"}],"author":[{"embeddable":true,"href":"https:\/\/mdn.gov.mz\/index.php\/wp-json\/wp\/v2\/users\/1"}],"replies":[{"embeddable":true,"href":"https:\/\/mdn.gov.mz\/index.php\/wp-json\/wp\/v2\/comments?post=2207"}],"version-history":[{"count":1,"href":"https:\/\/mdn.gov.mz\/index.php\/wp-json\/wp\/v2\/posts\/2207\/revisions"}],"predecessor-version":[{"id":2211,"href":"https:\/\/mdn.gov.mz\/index.php\/wp-json\/wp\/v2\/posts\/2207\/revisions\/2211"}],"wp:featuredmedia":[{"embeddable":true,"href":"https:\/\/mdn.gov.mz\/index.php\/wp-json\/wp\/v2\/media\/2208"}],"wp:attachment":[{"href":"https:\/\/mdn.gov.mz\/index.php\/wp-json\/wp\/v2\/media?parent=2207"}],"wp:term":[{"taxonomy":"category","embeddable":true,"href":"https:\/\/mdn.gov.mz\/index.php\/wp-json\/wp\/v2\/categories?post=2207"},{"taxonomy":"post_tag","embeddable":true,"href":"https:\/\/mdn.gov.mz\/index.php\/wp-json\/wp\/v2\/tags?post=2207"}],"curies":[{"name":"wp","href":"https:\/\/api.w.org\/{rel}","templated":true}]}}