{"id":2181,"date":"2026-01-28T08:14:39","date_gmt":"2026-01-28T08:14:39","guid":{"rendered":"https:\/\/mdn.gov.mz\/?p=2181"},"modified":"2026-02-02T08:15:49","modified_gmt":"2026-02-02T08:15:49","slug":"ministro-da-defesa-nacional-apresenta-aos-adidos-militares-a-situacao-de-emergencia-em-mocambique","status":"publish","type":"post","link":"https:\/\/mdn.gov.mz\/index.php\/2026\/01\/28\/ministro-da-defesa-nacional-apresenta-aos-adidos-militares-a-situacao-de-emergencia-em-mocambique\/","title":{"rendered":"Ministro da Defesa Nacional apresenta aos Adidos Militares a situa\u00e7\u00e3o de Emerg\u00eancia em Mo\u00e7ambique"},"content":{"rendered":"\n<p>O Ministro da Defesa Nacional, Crist\u00f3v\u00e3o Chume, reuniu-se, esta quarta-feira, 28 de Janeiro de 2026, em Maputo, com os Adidos de Defesa acreditados em Mo\u00e7ambique, para apresentar a situa\u00e7\u00e3o de emerg\u00eancia resultante das cheias e inunda\u00e7\u00f5es que assolam parte da zona sul e centro do pa\u00eds e desafios prevalecentes.<\/p>\n\n\n\n<p>Durante o encontro, o Ministro agradeceu o apoio log\u00edstico e t\u00e9cnico recebido dos parceiros internacionais desde o in\u00edcio das opera\u00e7\u00f5es de resgate e salvamento das popula\u00e7\u00f5es afectadas pela cat\u00e1strofe. Sublinhou, contudo, que embora o foco imediato incida sobre o sul do pa\u00eds, a preocupa\u00e7\u00e3o estende-se para a prov\u00edncia de Sofala, concretamente no Distrito de Buzi, com a tend\u00eancia da subida do caudal do rio com o mesmo nome.<\/p>\n\n\n\n<p>O governante sublinhou a necessidade do apoio internacional para assist\u00eancia multiforme \u00e0s vitimas, reconstru\u00e7\u00e3o e estabiliza\u00e7\u00e3o.<\/p>\n\n\n\n<p>Em resposta, os Adidos de Defesa manifestaram solidariedade e comprometeram-se a manter a mobiliza\u00e7\u00e3o de recursos, partilhando ainda experi\u00eancias t\u00e9cnicas de mitiga\u00e7\u00e3o de desastres naturais, nos seus pa\u00edses.<\/p>\n\n\n\n<p>Referir que Mo\u00e7ambique enfrenta um per\u00edodo de cheias e inunda\u00e7\u00f5es com consequ\u00eancias humanas, sociais e econ\u00f3micas significativas, o que levou o Governo a adoptar mecanismos de resposta a n\u00edvel nacional, atrav\u00e9s da activa\u00e7\u00e3o do Alerta Vermelho.<\/p>\n\n\n\n<figure class=\"wp-block-image size-full\"><img fetchpriority=\"high\" decoding=\"async\" width=\"1440\" height=\"960\" src=\"https:\/\/mdn.gov.mz\/wp-content\/uploads\/2026\/02\/624244826_18040834871757856_7131278955314112229_n.jpg\" alt=\"\" class=\"wp-image-2183\"\/><\/figure>\n","protected":false},"excerpt":{"rendered":"<p>O Ministro da Defesa Nacional, Crist\u00f3v\u00e3o Chume, reuniu-se, esta quarta-feira, 28 de Janeiro de 2026, em Maputo, com os Adidos de Defesa acreditados em Mo\u00e7ambique, para apresentar a situa\u00e7\u00e3o de [&hellip;]<\/p>\n","protected":false},"author":1,"featured_media":2182,"comment_status":"open","ping_status":"open","sticky":false,"template":"","format":"standard","meta":{"footnotes":""},"categories":[12],"tags":[],"class_list":["post-2181","post","type-post","status-publish","format-standard","has-post-thumbnail","hentry","category-noticias"],"_links":{"self":[{"href":"https:\/\/mdn.gov.mz\/index.php\/wp-json\/wp\/v2\/posts\/2181","targetHints":{"allow":["GET"]}}],"collection":[{"href":"https:\/\/mdn.gov.mz\/index.php\/wp-json\/wp\/v2\/posts"}],"about":[{"href":"https:\/\/mdn.gov.mz\/index.php\/wp-json\/wp\/v2\/types\/post"}],"author":[{"embeddable":true,"href":"https:\/\/mdn.gov.mz\/index.php\/wp-json\/wp\/v2\/users\/1"}],"replies":[{"embeddable":true,"href":"https:\/\/mdn.gov.mz\/index.php\/wp-json\/wp\/v2\/comments?post=2181"}],"version-history":[{"count":1,"href":"https:\/\/mdn.gov.mz\/index.php\/wp-json\/wp\/v2\/posts\/2181\/revisions"}],"predecessor-version":[{"id":2184,"href":"https:\/\/mdn.gov.mz\/index.php\/wp-json\/wp\/v2\/posts\/2181\/revisions\/2184"}],"wp:featuredmedia":[{"embeddable":true,"href":"https:\/\/mdn.gov.mz\/index.php\/wp-json\/wp\/v2\/media\/2182"}],"wp:attachment":[{"href":"https:\/\/mdn.gov.mz\/index.php\/wp-json\/wp\/v2\/media?parent=2181"}],"wp:term":[{"taxonomy":"category","embeddable":true,"href":"https:\/\/mdn.gov.mz\/index.php\/wp-json\/wp\/v2\/categories?post=2181"},{"taxonomy":"post_tag","embeddable":true,"href":"https:\/\/mdn.gov.mz\/index.php\/wp-json\/wp\/v2\/tags?post=2181"}],"curies":[{"name":"wp","href":"https:\/\/api.w.org\/{rel}","templated":true}]}}